{"id":682,"date":"2020-01-09T11:06:29","date_gmt":"2020-01-09T10:06:29","guid":{"rendered":"https:\/\/inemproject.com\/forum-der-kulturen-stuttgart\/"},"modified":"2022-08-10T12:18:21","modified_gmt":"2022-08-10T10:18:21","slug":"forum-der-kulturen-stuttgart","status":"publish","type":"post","link":"https:\/\/inemproject.com\/de\/forum-der-kulturen-stuttgart\/","title":{"rendered":"Forum Der Kulturen \u2013 Stuttgart"},"content":{"rendered":"<p>Das Forum der Kulturen ist eine Schirmorganisation f\u00fcr Migrantenorganisationen in Deutschland und wurde 1998 auf Initiative der Organisationen selbst gegr\u00fcndet.<\/p>\n<p>Das Hauptziel des Forums der Kulturen ist es, kulturelle Aktivit\u00e4ten von Migrantenorganisationen zu f\u00f6rdern und sie besser in das \u00f6ffentliche Leben zu integrieren. Dadurch soll ihrem Potential und ihren kulturellen Bed\u00fcrfnissen mehr Aufmerksamkeit gewidmet und eine gr\u00f6\u00dfere Zielgruppe erreicht werden. Mit anderen Worten \u2013 Sie sollen als gleichberechtigte Partner des kulturellen und sozialen Lebens akzeptiert werden.<\/p>\n<p>Ausgef\u00fchrte Initiativen und angebotene Dienstleistungen:<\/p>\n<ul>\n<li>Beratung und Qualifikation von Migrantenorganisationen<\/li>\n<li>Mediale Pr\u00e4senz<\/li>\n<li>Ver\u00f6ffentlichung des monatlichen Magazins \u201cBegegnung der Kulturen \u2013 Interkultur in Stuttgart\u201d<\/li>\n<li>Organisation von Veranstaltungen, Festivals und Tandem-Konferenzen im Besonderen<\/li>\n<li>Networking<\/li>\n<\/ul>\n<p>Mehr Informationen unter: <a href=\"https:\/\/www.forum-der-kulturen.de\/\">https:\/\/www.forum-der-kulturen.de\/<\/a><\/p>\n","protected":false},"excerpt":{"rendered":"<p>Das Forum der Kulturen ist eine Schirmorganisation f\u00fcr Migrantenorganisationen in Deutschland und wurde 1998 auf Initiative der Organisationen selbst gegr\u00fcndet. Das Hauptziel des Forums der Kulturen ist es, kulturelle Aktivit\u00e4ten von Migrantenorganisationen zu f\u00f6rdern und sie besser in das \u00f6ffentliche Leben zu integrieren. Dadurch soll ihrem Potential und ihren kulturellen Bed\u00fcrfnissen mehr Aufmerksamkeit gewidmet und<\/p>\n","protected":false},"author":10,"featured_media":657,"comment_status":"open","ping_status":"open","sticky":false,"template":"","format":"standard","meta":{"footnotes":""},"categories":[50],"tags":[],"class_list":["post-682","post","type-post","status-publish","format-standard","has-post-thumbnail","hentry","category-erfolgsmodelle"],"yoast_head":"<!-- This site is optimized with the Yoast SEO plugin v23.4 - https:\/\/yoast.com\/wordpress\/plugins\/seo\/ -->\n<title>Forum Der Kulturen \u2013 Stuttgart - Inem<\/title>\n<meta name=\"robots\" content=\"index, follow, max-snippet:-1, max-image-preview:large, max-video-preview:-1\" \/>\n<link rel=\"canonical\" href=\"https:\/\/inemproject.com\/de\/forum-der-kulturen-stuttgart\/\" \/>\n<meta property=\"og:locale\" content=\"de_DE\" \/>\n<meta property=\"og:type\" content=\"article\" \/>\n<meta property=\"og:title\" content=\"Forum Der Kulturen \u2013 Stuttgart - Inem\" \/>\n<meta property=\"og:description\" content=\"Das Forum der Kulturen ist eine Schirmorganisation f\u00fcr Migrantenorganisationen in Deutschland und wurde 1998 auf Initiative der Organisationen selbst gegr\u00fcndet. Das Hauptziel des Forums der Kulturen ist es, kulturelle Aktivit\u00e4ten von Migrantenorganisationen zu f\u00f6rdern und sie besser in das \u00f6ffentliche Leben zu integrieren. Dadurch soll ihrem Potential und ihren kulturellen Bed\u00fcrfnissen mehr Aufmerksamkeit gewidmet und\" \/>\n<meta property=\"og:url\" content=\"https:\/\/inemproject.com\/de\/forum-der-kulturen-stuttgart\/\" \/>\n<meta property=\"og:site_name\" content=\"Inem\" \/>\n<meta property=\"article:published_time\" content=\"2020-01-09T10:06:29+00:00\" \/>\n<meta property=\"article:modified_time\" content=\"2022-08-10T10:18:21+00:00\" \/>\n<meta property=\"og:image\" content=\"https:\/\/inemproject.com\/wp-content\/uploads\/2019\/12\/integrazione-1.jpg\" \/>\n\t<meta property=\"og:image:width\" content=\"1024\" \/>\n\t<meta property=\"og:image:height\" content=\"768\" \/>\n\t<meta property=\"og:image:type\" content=\"image\/jpeg\" \/>\n<meta name=\"author\" content=\"annainem\" \/>\n<meta name=\"twitter:card\" content=\"summary_large_image\" \/>\n<meta name=\"twitter:label1\" content=\"Verfasst von\" \/>\n\t<meta name=\"twitter:data1\" content=\"annainem\" \/>\n\t<meta name=\"twitter:label2\" content=\"Gesch\u00e4tzte Lesezeit\" \/>\n\t<meta name=\"twitter:data2\" content=\"1\u00a0Minute\" \/>\n<script type=\"application\/ld+json\" class=\"yoast-schema-graph\">{\"@context\":\"https:\/\/schema.org\",\"@graph\":[{\"@type\":\"WebPage\",\"@id\":\"https:\/\/inemproject.com\/de\/forum-der-kulturen-stuttgart\/\",\"url\":\"https:\/\/inemproject.com\/de\/forum-der-kulturen-stuttgart\/\",\"name\":\"Forum Der Kulturen \u2013 Stuttgart - Inem\",\"isPartOf\":{\"@id\":\"https:\/\/inemproject.com\/#website\"},\"primaryImageOfPage\":{\"@id\":\"https:\/\/inemproject.com\/de\/forum-der-kulturen-stuttgart\/#primaryimage\"},\"image\":{\"@id\":\"https:\/\/inemproject.com\/de\/forum-der-kulturen-stuttgart\/#primaryimage\"},\"thumbnailUrl\":\"https:\/\/inemproject.com\/wp-content\/uploads\/2019\/12\/integrazione-1.jpg\",\"datePublished\":\"2020-01-09T10:06:29+00:00\",\"dateModified\":\"2022-08-10T10:18:21+00:00\",\"author\":{\"@id\":\"https:\/\/inemproject.com\/#\/schema\/person\/9eb5b3372055513adccdaf8992fda1a0\"},\"breadcrumb\":{\"@id\":\"https:\/\/inemproject.com\/de\/forum-der-kulturen-stuttgart\/#breadcrumb\"},\"inLanguage\":\"de\",\"potentialAction\":[{\"@type\":\"ReadAction\",\"target\":[\"https:\/\/inemproject.com\/de\/forum-der-kulturen-stuttgart\/\"]}]},{\"@type\":\"ImageObject\",\"inLanguage\":\"de\",\"@id\":\"https:\/\/inemproject.com\/de\/forum-der-kulturen-stuttgart\/#primaryimage\",\"url\":\"https:\/\/inemproject.com\/wp-content\/uploads\/2019\/12\/integrazione-1.jpg\",\"contentUrl\":\"https:\/\/inemproject.com\/wp-content\/uploads\/2019\/12\/integrazione-1.jpg\",\"width\":1024,\"height\":768},{\"@type\":\"BreadcrumbList\",\"@id\":\"https:\/\/inemproject.com\/de\/forum-der-kulturen-stuttgart\/#breadcrumb\",\"itemListElement\":[{\"@type\":\"ListItem\",\"position\":1,\"name\":\"Home\",\"item\":\"https:\/\/inemproject.com\/de\/\"},{\"@type\":\"ListItem\",\"position\":2,\"name\":\"Forum Der Kulturen \u2013 Stuttgart\"}]},{\"@type\":\"WebSite\",\"@id\":\"https:\/\/inemproject.com\/#website\",\"url\":\"https:\/\/inemproject.com\/\",\"name\":\"Inem\",\"description\":\"International network for migrants\",\"potentialAction\":[{\"@type\":\"SearchAction\",\"target\":{\"@type\":\"EntryPoint\",\"urlTemplate\":\"https:\/\/inemproject.com\/?s={search_term_string}\"},\"query-input\":{\"@type\":\"PropertyValueSpecification\",\"valueRequired\":true,\"valueName\":\"search_term_string\"}}],\"inLanguage\":\"de\"},{\"@type\":\"Person\",\"@id\":\"https:\/\/inemproject.com\/#\/schema\/person\/9eb5b3372055513adccdaf8992fda1a0\",\"name\":\"annainem\",\"image\":{\"@type\":\"ImageObject\",\"inLanguage\":\"de\",\"@id\":\"https:\/\/inemproject.com\/#\/schema\/person\/image\/\",\"url\":\"https:\/\/secure.gravatar.com\/avatar\/2497a4350b0d39a4657eb80649341777?s=96&d=mm&r=g\",\"contentUrl\":\"https:\/\/secure.gravatar.com\/avatar\/2497a4350b0d39a4657eb80649341777?s=96&d=mm&r=g\",\"caption\":\"annainem\"},\"url\":\"https:\/\/inemproject.com\/de\/author\/annainem\/\"}]}<\/script>\n<!-- \/ Yoast SEO plugin. -->","yoast_head_json":{"title":"Forum Der Kulturen \u2013 Stuttgart - Inem","robots":{"index":"index","follow":"follow","max-snippet":"max-snippet:-1","max-image-preview":"max-image-preview:large","max-video-preview":"max-video-preview:-1"},"canonical":"https:\/\/inemproject.com\/de\/forum-der-kulturen-stuttgart\/","og_locale":"de_DE","og_type":"article","og_title":"Forum Der Kulturen \u2013 Stuttgart - Inem","og_description":"Das Forum der Kulturen ist eine Schirmorganisation f\u00fcr Migrantenorganisationen in Deutschland und wurde 1998 auf Initiative der Organisationen selbst gegr\u00fcndet. Das Hauptziel des Forums der Kulturen ist es, kulturelle Aktivit\u00e4ten von Migrantenorganisationen zu f\u00f6rdern und sie besser in das \u00f6ffentliche Leben zu integrieren. Dadurch soll ihrem Potential und ihren kulturellen Bed\u00fcrfnissen mehr Aufmerksamkeit gewidmet und","og_url":"https:\/\/inemproject.com\/de\/forum-der-kulturen-stuttgart\/","og_site_name":"Inem","article_published_time":"2020-01-09T10:06:29+00:00","article_modified_time":"2022-08-10T10:18:21+00:00","og_image":[{"width":1024,"height":768,"url":"https:\/\/inemproject.com\/wp-content\/uploads\/2019\/12\/integrazione-1.jpg","type":"image\/jpeg"}],"author":"annainem","twitter_card":"summary_large_image","twitter_misc":{"Verfasst von":"annainem","Gesch\u00e4tzte Lesezeit":"1\u00a0Minute"},"schema":{"@context":"https:\/\/schema.org","@graph":[{"@type":"WebPage","@id":"https:\/\/inemproject.com\/de\/forum-der-kulturen-stuttgart\/","url":"https:\/\/inemproject.com\/de\/forum-der-kulturen-stuttgart\/","name":"Forum Der Kulturen \u2013 Stuttgart - Inem","isPartOf":{"@id":"https:\/\/inemproject.com\/#website"},"primaryImageOfPage":{"@id":"https:\/\/inemproject.com\/de\/forum-der-kulturen-stuttgart\/#primaryimage"},"image":{"@id":"https:\/\/inemproject.com\/de\/forum-der-kulturen-stuttgart\/#primaryimage"},"thumbnailUrl":"https:\/\/inemproject.com\/wp-content\/uploads\/2019\/12\/integrazione-1.jpg","datePublished":"2020-01-09T10:06:29+00:00","dateModified":"2022-08-10T10:18:21+00:00","author":{"@id":"https:\/\/inemproject.com\/#\/schema\/person\/9eb5b3372055513adccdaf8992fda1a0"},"breadcrumb":{"@id":"https:\/\/inemproject.com\/de\/forum-der-kulturen-stuttgart\/#breadcrumb"},"inLanguage":"de","potentialAction":[{"@type":"ReadAction","target":["https:\/\/inemproject.com\/de\/forum-der-kulturen-stuttgart\/"]}]},{"@type":"ImageObject","inLanguage":"de","@id":"https:\/\/inemproject.com\/de\/forum-der-kulturen-stuttgart\/#primaryimage","url":"https:\/\/inemproject.com\/wp-content\/uploads\/2019\/12\/integrazione-1.jpg","contentUrl":"https:\/\/inemproject.com\/wp-content\/uploads\/2019\/12\/integrazione-1.jpg","width":1024,"height":768},{"@type":"BreadcrumbList","@id":"https:\/\/inemproject.com\/de\/forum-der-kulturen-stuttgart\/#breadcrumb","itemListElement":[{"@type":"ListItem","position":1,"name":"Home","item":"https:\/\/inemproject.com\/de\/"},{"@type":"ListItem","position":2,"name":"Forum Der Kulturen \u2013 Stuttgart"}]},{"@type":"WebSite","@id":"https:\/\/inemproject.com\/#website","url":"https:\/\/inemproject.com\/","name":"Inem","description":"International network for migrants","potentialAction":[{"@type":"SearchAction","target":{"@type":"EntryPoint","urlTemplate":"https:\/\/inemproject.com\/?s={search_term_string}"},"query-input":{"@type":"PropertyValueSpecification","valueRequired":true,"valueName":"search_term_string"}}],"inLanguage":"de"},{"@type":"Person","@id":"https:\/\/inemproject.com\/#\/schema\/person\/9eb5b3372055513adccdaf8992fda1a0","name":"annainem","image":{"@type":"ImageObject","inLanguage":"de","@id":"https:\/\/inemproject.com\/#\/schema\/person\/image\/","url":"https:\/\/secure.gravatar.com\/avatar\/2497a4350b0d39a4657eb80649341777?s=96&d=mm&r=g","contentUrl":"https:\/\/secure.gravatar.com\/avatar\/2497a4350b0d39a4657eb80649341777?s=96&d=mm&r=g","caption":"annainem"},"url":"https:\/\/inemproject.com\/de\/author\/annainem\/"}]}},"_links":{"self":[{"href":"https:\/\/inemproject.com\/de\/wp-json\/wp\/v2\/posts\/682"}],"collection":[{"href":"https:\/\/inemproject.com\/de\/wp-json\/wp\/v2\/posts"}],"about":[{"href":"https:\/\/inemproject.com\/de\/wp-json\/wp\/v2\/types\/post"}],"author":[{"embeddable":true,"href":"https:\/\/inemproject.com\/de\/wp-json\/wp\/v2\/users\/10"}],"replies":[{"embeddable":true,"href":"https:\/\/inemproject.com\/de\/wp-json\/wp\/v2\/comments?post=682"}],"version-history":[{"count":1,"href":"https:\/\/inemproject.com\/de\/wp-json\/wp\/v2\/posts\/682\/revisions"}],"predecessor-version":[{"id":683,"href":"https:\/\/inemproject.com\/de\/wp-json\/wp\/v2\/posts\/682\/revisions\/683"}],"wp:featuredmedia":[{"embeddable":true,"href":"https:\/\/inemproject.com\/de\/wp-json\/wp\/v2\/media\/657"}],"wp:attachment":[{"href":"https:\/\/inemproject.com\/de\/wp-json\/wp\/v2\/media?parent=682"}],"wp:term":[{"taxonomy":"category","embeddable":true,"href":"https:\/\/inemproject.com\/de\/wp-json\/wp\/v2\/categories?post=682"},{"taxonomy":"post_tag","embeddable":true,"href":"https:\/\/inemproject.com\/de\/wp-json\/wp\/v2\/tags?post=682"}],"curies":[{"name":"wp","href":"https:\/\/api.w.org\/{rel}","templated":true}]}}