{"id":674,"date":"2020-02-05T10:47:18","date_gmt":"2020-02-05T09:47:18","guid":{"rendered":"https:\/\/inemproject.com\/my-buddy-and-me\/"},"modified":"2022-08-10T12:18:20","modified_gmt":"2022-08-10T10:18:20","slug":"mein-buddy-und-ich","status":"publish","type":"post","link":"https:\/\/inemproject.com\/de\/mein-buddy-und-ich\/","title":{"rendered":"Mein Buddy und Ich"},"content":{"rendered":"<p>Das Projekt bietet tempor\u00e4re Unterst\u00fctzung f\u00fcr Kinder mit Migrations- oder Fluchtgeschichte: Die Kinder erhalten Unterst\u00fctzung durch junge Einheimische -ihren Buddy- zur Bew\u00e4ltigung ihrer Aufgaben.<\/p>\n<p>Das Ziel hierbei ist es, Kindern ihrer eigenen F\u00e4higkeiten und St\u00e4rken bewusst zu machen und ihr Selbstbewusstsein zu st\u00e4rken. Wenn das Kind eine deutliche Pers\u00f6nlichkeitsentwicklung verzeichnet, endet die Partnerschaft mit ihrem Buddy. Die durchschnittliche Partnerschaft dauert etwa sechs Monate. Das Projektmanagement stellt den Kontakt zwischen Kindern\/ Familien und Buddies her und hilft dar\u00fcber hinaus, die Vereinbarungen zu formulieren und individuelle Ziele zu definieren.<\/p>\n<p>Mehr Informationen unter: <a href=\"https:\/\/inemproject.com\/my-buddy-and-me\/\">https:\/\/inemproject.com\/my-buddy-and-me\/<\/a><\/p>\n","protected":false},"excerpt":{"rendered":"<p>Das Projekt bietet tempor\u00e4re Unterst\u00fctzung f\u00fcr Kinder mit Migrations- oder Fluchtgeschichte: Die Kinder erhalten Unterst\u00fctzung durch junge Einheimische -ihren Buddy- zur Bew\u00e4ltigung ihrer Aufgaben. Das Ziel hierbei ist es, Kindern ihrer eigenen F\u00e4higkeiten und St\u00e4rken bewusst zu machen und ihr Selbstbewusstsein zu st\u00e4rken. Wenn das Kind eine deutliche Pers\u00f6nlichkeitsentwicklung verzeichnet, endet die Partnerschaft mit ihrem<\/p>\n","protected":false},"author":4,"featured_media":657,"comment_status":"open","ping_status":"open","sticky":false,"template":"","format":"standard","meta":{"footnotes":""},"categories":[50],"tags":[],"class_list":["post-674","post","type-post","status-publish","format-standard","has-post-thumbnail","hentry","category-erfolgsmodelle"],"yoast_head":"<!-- This site is optimized with the Yoast SEO plugin v23.4 - https:\/\/yoast.com\/wordpress\/plugins\/seo\/ -->\n<title>Mein Buddy und Ich - Inem<\/title>\n<meta name=\"robots\" content=\"index, follow, max-snippet:-1, max-image-preview:large, max-video-preview:-1\" \/>\n<link rel=\"canonical\" href=\"https:\/\/inemproject.com\/de\/mein-buddy-und-ich\/\" \/>\n<meta property=\"og:locale\" content=\"de_DE\" \/>\n<meta property=\"og:type\" content=\"article\" \/>\n<meta property=\"og:title\" content=\"Mein Buddy und Ich - Inem\" \/>\n<meta property=\"og:description\" content=\"Das Projekt bietet tempor\u00e4re Unterst\u00fctzung f\u00fcr Kinder mit Migrations- oder Fluchtgeschichte: Die Kinder erhalten Unterst\u00fctzung durch junge Einheimische -ihren Buddy- zur Bew\u00e4ltigung ihrer Aufgaben. Das Ziel hierbei ist es, Kindern ihrer eigenen F\u00e4higkeiten und St\u00e4rken bewusst zu machen und ihr Selbstbewusstsein zu st\u00e4rken. Wenn das Kind eine deutliche Pers\u00f6nlichkeitsentwicklung verzeichnet, endet die Partnerschaft mit ihrem\" \/>\n<meta property=\"og:url\" content=\"https:\/\/inemproject.com\/de\/mein-buddy-und-ich\/\" \/>\n<meta property=\"og:site_name\" content=\"Inem\" \/>\n<meta property=\"article:published_time\" content=\"2020-02-05T09:47:18+00:00\" \/>\n<meta property=\"article:modified_time\" content=\"2022-08-10T10:18:20+00:00\" \/>\n<meta property=\"og:image\" content=\"https:\/\/inemproject.com\/wp-content\/uploads\/2019\/12\/integrazione-1.jpg\" \/>\n\t<meta property=\"og:image:width\" content=\"1024\" \/>\n\t<meta property=\"og:image:height\" content=\"768\" \/>\n\t<meta property=\"og:image:type\" content=\"image\/jpeg\" \/>\n<meta name=\"author\" content=\"@RebeccaV\" \/>\n<meta name=\"twitter:card\" content=\"summary_large_image\" \/>\n<meta name=\"twitter:label1\" content=\"Verfasst von\" \/>\n\t<meta name=\"twitter:data1\" content=\"@RebeccaV\" \/>\n\t<meta name=\"twitter:label2\" content=\"Gesch\u00e4tzte Lesezeit\" \/>\n\t<meta name=\"twitter:data2\" content=\"1\u00a0Minute\" \/>\n<script type=\"application\/ld+json\" class=\"yoast-schema-graph\">{\"@context\":\"https:\/\/schema.org\",\"@graph\":[{\"@type\":\"WebPage\",\"@id\":\"https:\/\/inemproject.com\/de\/mein-buddy-und-ich\/\",\"url\":\"https:\/\/inemproject.com\/de\/mein-buddy-und-ich\/\",\"name\":\"Mein Buddy und Ich - Inem\",\"isPartOf\":{\"@id\":\"https:\/\/inemproject.com\/#website\"},\"primaryImageOfPage\":{\"@id\":\"https:\/\/inemproject.com\/de\/mein-buddy-und-ich\/#primaryimage\"},\"image\":{\"@id\":\"https:\/\/inemproject.com\/de\/mein-buddy-und-ich\/#primaryimage\"},\"thumbnailUrl\":\"https:\/\/inemproject.com\/wp-content\/uploads\/2019\/12\/integrazione-1.jpg\",\"datePublished\":\"2020-02-05T09:47:18+00:00\",\"dateModified\":\"2022-08-10T10:18:20+00:00\",\"author\":{\"@id\":\"https:\/\/inemproject.com\/#\/schema\/person\/a4b50ea6e8574333f19806d3f19762a3\"},\"breadcrumb\":{\"@id\":\"https:\/\/inemproject.com\/de\/mein-buddy-und-ich\/#breadcrumb\"},\"inLanguage\":\"de\",\"potentialAction\":[{\"@type\":\"ReadAction\",\"target\":[\"https:\/\/inemproject.com\/de\/mein-buddy-und-ich\/\"]}]},{\"@type\":\"ImageObject\",\"inLanguage\":\"de\",\"@id\":\"https:\/\/inemproject.com\/de\/mein-buddy-und-ich\/#primaryimage\",\"url\":\"https:\/\/inemproject.com\/wp-content\/uploads\/2019\/12\/integrazione-1.jpg\",\"contentUrl\":\"https:\/\/inemproject.com\/wp-content\/uploads\/2019\/12\/integrazione-1.jpg\",\"width\":1024,\"height\":768},{\"@type\":\"BreadcrumbList\",\"@id\":\"https:\/\/inemproject.com\/de\/mein-buddy-und-ich\/#breadcrumb\",\"itemListElement\":[{\"@type\":\"ListItem\",\"position\":1,\"name\":\"Home\",\"item\":\"https:\/\/inemproject.com\/de\/\"},{\"@type\":\"ListItem\",\"position\":2,\"name\":\"Mein Buddy und Ich\"}]},{\"@type\":\"WebSite\",\"@id\":\"https:\/\/inemproject.com\/#website\",\"url\":\"https:\/\/inemproject.com\/\",\"name\":\"Inem\",\"description\":\"International network for migrants\",\"potentialAction\":[{\"@type\":\"SearchAction\",\"target\":{\"@type\":\"EntryPoint\",\"urlTemplate\":\"https:\/\/inemproject.com\/?s={search_term_string}\"},\"query-input\":{\"@type\":\"PropertyValueSpecification\",\"valueRequired\":true,\"valueName\":\"search_term_string\"}}],\"inLanguage\":\"de\"},{\"@type\":\"Person\",\"@id\":\"https:\/\/inemproject.com\/#\/schema\/person\/a4b50ea6e8574333f19806d3f19762a3\",\"name\":\"@RebeccaV\",\"image\":{\"@type\":\"ImageObject\",\"inLanguage\":\"de\",\"@id\":\"https:\/\/inemproject.com\/#\/schema\/person\/image\/\",\"url\":\"https:\/\/secure.gravatar.com\/avatar\/7e22673a52d7d5ff28d17c8d310432fd?s=96&d=mm&r=g\",\"contentUrl\":\"https:\/\/secure.gravatar.com\/avatar\/7e22673a52d7d5ff28d17c8d310432fd?s=96&d=mm&r=g\",\"caption\":\"@RebeccaV\"},\"url\":\"https:\/\/inemproject.com\/de\/author\/rebeccav\/\"}]}<\/script>\n<!-- \/ Yoast SEO plugin. -->","yoast_head_json":{"title":"Mein Buddy und Ich - Inem","robots":{"index":"index","follow":"follow","max-snippet":"max-snippet:-1","max-image-preview":"max-image-preview:large","max-video-preview":"max-video-preview:-1"},"canonical":"https:\/\/inemproject.com\/de\/mein-buddy-und-ich\/","og_locale":"de_DE","og_type":"article","og_title":"Mein Buddy und Ich - Inem","og_description":"Das Projekt bietet tempor\u00e4re Unterst\u00fctzung f\u00fcr Kinder mit Migrations- oder Fluchtgeschichte: Die Kinder erhalten Unterst\u00fctzung durch junge Einheimische -ihren Buddy- zur Bew\u00e4ltigung ihrer Aufgaben. Das Ziel hierbei ist es, Kindern ihrer eigenen F\u00e4higkeiten und St\u00e4rken bewusst zu machen und ihr Selbstbewusstsein zu st\u00e4rken. Wenn das Kind eine deutliche Pers\u00f6nlichkeitsentwicklung verzeichnet, endet die Partnerschaft mit ihrem","og_url":"https:\/\/inemproject.com\/de\/mein-buddy-und-ich\/","og_site_name":"Inem","article_published_time":"2020-02-05T09:47:18+00:00","article_modified_time":"2022-08-10T10:18:20+00:00","og_image":[{"width":1024,"height":768,"url":"https:\/\/inemproject.com\/wp-content\/uploads\/2019\/12\/integrazione-1.jpg","type":"image\/jpeg"}],"author":"@RebeccaV","twitter_card":"summary_large_image","twitter_misc":{"Verfasst von":"@RebeccaV","Gesch\u00e4tzte Lesezeit":"1\u00a0Minute"},"schema":{"@context":"https:\/\/schema.org","@graph":[{"@type":"WebPage","@id":"https:\/\/inemproject.com\/de\/mein-buddy-und-ich\/","url":"https:\/\/inemproject.com\/de\/mein-buddy-und-ich\/","name":"Mein Buddy und Ich - Inem","isPartOf":{"@id":"https:\/\/inemproject.com\/#website"},"primaryImageOfPage":{"@id":"https:\/\/inemproject.com\/de\/mein-buddy-und-ich\/#primaryimage"},"image":{"@id":"https:\/\/inemproject.com\/de\/mein-buddy-und-ich\/#primaryimage"},"thumbnailUrl":"https:\/\/inemproject.com\/wp-content\/uploads\/2019\/12\/integrazione-1.jpg","datePublished":"2020-02-05T09:47:18+00:00","dateModified":"2022-08-10T10:18:20+00:00","author":{"@id":"https:\/\/inemproject.com\/#\/schema\/person\/a4b50ea6e8574333f19806d3f19762a3"},"breadcrumb":{"@id":"https:\/\/inemproject.com\/de\/mein-buddy-und-ich\/#breadcrumb"},"inLanguage":"de","potentialAction":[{"@type":"ReadAction","target":["https:\/\/inemproject.com\/de\/mein-buddy-und-ich\/"]}]},{"@type":"ImageObject","inLanguage":"de","@id":"https:\/\/inemproject.com\/de\/mein-buddy-und-ich\/#primaryimage","url":"https:\/\/inemproject.com\/wp-content\/uploads\/2019\/12\/integrazione-1.jpg","contentUrl":"https:\/\/inemproject.com\/wp-content\/uploads\/2019\/12\/integrazione-1.jpg","width":1024,"height":768},{"@type":"BreadcrumbList","@id":"https:\/\/inemproject.com\/de\/mein-buddy-und-ich\/#breadcrumb","itemListElement":[{"@type":"ListItem","position":1,"name":"Home","item":"https:\/\/inemproject.com\/de\/"},{"@type":"ListItem","position":2,"name":"Mein Buddy und Ich"}]},{"@type":"WebSite","@id":"https:\/\/inemproject.com\/#website","url":"https:\/\/inemproject.com\/","name":"Inem","description":"International network for migrants","potentialAction":[{"@type":"SearchAction","target":{"@type":"EntryPoint","urlTemplate":"https:\/\/inemproject.com\/?s={search_term_string}"},"query-input":{"@type":"PropertyValueSpecification","valueRequired":true,"valueName":"search_term_string"}}],"inLanguage":"de"},{"@type":"Person","@id":"https:\/\/inemproject.com\/#\/schema\/person\/a4b50ea6e8574333f19806d3f19762a3","name":"@RebeccaV","image":{"@type":"ImageObject","inLanguage":"de","@id":"https:\/\/inemproject.com\/#\/schema\/person\/image\/","url":"https:\/\/secure.gravatar.com\/avatar\/7e22673a52d7d5ff28d17c8d310432fd?s=96&d=mm&r=g","contentUrl":"https:\/\/secure.gravatar.com\/avatar\/7e22673a52d7d5ff28d17c8d310432fd?s=96&d=mm&r=g","caption":"@RebeccaV"},"url":"https:\/\/inemproject.com\/de\/author\/rebeccav\/"}]}},"_links":{"self":[{"href":"https:\/\/inemproject.com\/de\/wp-json\/wp\/v2\/posts\/674"}],"collection":[{"href":"https:\/\/inemproject.com\/de\/wp-json\/wp\/v2\/posts"}],"about":[{"href":"https:\/\/inemproject.com\/de\/wp-json\/wp\/v2\/types\/post"}],"author":[{"embeddable":true,"href":"https:\/\/inemproject.com\/de\/wp-json\/wp\/v2\/users\/4"}],"replies":[{"embeddable":true,"href":"https:\/\/inemproject.com\/de\/wp-json\/wp\/v2\/comments?post=674"}],"version-history":[{"count":1,"href":"https:\/\/inemproject.com\/de\/wp-json\/wp\/v2\/posts\/674\/revisions"}],"predecessor-version":[{"id":675,"href":"https:\/\/inemproject.com\/de\/wp-json\/wp\/v2\/posts\/674\/revisions\/675"}],"wp:featuredmedia":[{"embeddable":true,"href":"https:\/\/inemproject.com\/de\/wp-json\/wp\/v2\/media\/657"}],"wp:attachment":[{"href":"https:\/\/inemproject.com\/de\/wp-json\/wp\/v2\/media?parent=674"}],"wp:term":[{"taxonomy":"category","embeddable":true,"href":"https:\/\/inemproject.com\/de\/wp-json\/wp\/v2\/categories?post=674"},{"taxonomy":"post_tag","embeddable":true,"href":"https:\/\/inemproject.com\/de\/wp-json\/wp\/v2\/tags?post=674"}],"curies":[{"name":"wp","href":"https:\/\/api.w.org\/{rel}","templated":true}]}}