{"id":656,"date":"2020-03-06T11:35:04","date_gmt":"2020-03-06T10:35:04","guid":{"rendered":"https:\/\/inemproject.com\/hayet\/"},"modified":"2022-08-10T12:18:18","modified_gmt":"2022-08-10T10:18:18","slug":"hayet","status":"publish","type":"post","link":"https:\/\/inemproject.com\/de\/hayet\/","title":{"rendered":"HAYET"},"content":{"rendered":"<p>Bei Hayet \u2013 arabisch: \u201cLeben\u201d \u2013 handelt es sich um eine soziale Kooperative, welche auf den Erfahrungen aufbaut, die Involvierte im Zusammenhang mit CAS (Notaufnahmestellen, urspr\u00fcnglich als au\u00dfergew\u00f6hnliche Ma\u00dfnahme im Fall eines besonders hohen Zustroms an Zuwander*innen gedacht) in Molise machten. Hayet visiert die F\u00f6rderung von Projekten an, welche sich an Migrant*innen und gesellschaftlich benachteiligte Personen richten, sowie die F\u00f6rderung von Bildung und sozialer, wie auch beruflicher, Inklusion von besonders gef\u00e4hrdeten Bev\u00f6lkerungsgruppen vorsieht. Hayet konzentriert sich gesondert auf zwei Projekte:<\/p>\n<p>1) Sozialfarmen: Sechs Jugendliche aus CAS\u2019 und Italien haben ein Projekt zum Anbau von Biolebensmitteln auf einer kleinen Farm in Fattoria Griot gestartet, welches mit der gro\u00dfz\u00fcgigen Spende von zwei Hektar Land durch eine Privatperson erm\u00f6glicht wurde.<\/p>\n<p>2) Zimmerei und kreatives Recycling: Die Baye-Fall-Kunst enstand als Nebenprodukt eines improvisierten Projektes. Bei CAS EDEN war man der Auffassung, eine gewisse Au\u00dfenwirkung k\u00f6nne die Aufmerksamkeit und die Neugierde der vorbeilaufenden Passanten wecken. Ein senegalesischer Zimmermann war daf\u00fcr mit der Herstellung recycelbarer Teppiche, Banken und Pflanzent\u00f6pfen beauftragt. Manche der Passanten waren von der Handarbeit so begeistert, dass sie im Austausch f\u00fcr einige der Gegenst\u00e4nde eine Spende hinterlie\u00dfen.<\/p>\n<p>Mehr Informationen unter: <a href=\"https:\/\/www.facebook.com\/hayetets\/\">https:\/\/www.facebook.com\/hayetets\/<\/a><\/p>\n","protected":false},"excerpt":{"rendered":"<p>Bei Hayet \u2013 arabisch: \u201cLeben\u201d \u2013 handelt es sich um eine soziale Kooperative, welche auf den Erfahrungen aufbaut, die Involvierte im Zusammenhang mit CAS (Notaufnahmestellen, urspr\u00fcnglich als au\u00dfergew\u00f6hnliche Ma\u00dfnahme im Fall eines besonders hohen Zustroms an Zuwander*innen gedacht) in Molise machten. Hayet visiert die F\u00f6rderung von Projekten an, welche sich an Migrant*innen und gesellschaftlich benachteiligte<\/p>\n","protected":false},"author":10,"featured_media":657,"comment_status":"open","ping_status":"open","sticky":false,"template":"","format":"standard","meta":{"footnotes":""},"categories":[50],"tags":[],"class_list":["post-656","post","type-post","status-publish","format-standard","has-post-thumbnail","hentry","category-erfolgsmodelle"],"yoast_head":"<!-- This site is optimized with the Yoast SEO plugin v23.4 - https:\/\/yoast.com\/wordpress\/plugins\/seo\/ -->\n<title>HAYET - Inem<\/title>\n<meta name=\"robots\" content=\"index, follow, max-snippet:-1, max-image-preview:large, max-video-preview:-1\" \/>\n<link rel=\"canonical\" href=\"https:\/\/inemproject.com\/de\/hayet\/\" \/>\n<meta property=\"og:locale\" content=\"de_DE\" \/>\n<meta property=\"og:type\" content=\"article\" \/>\n<meta property=\"og:title\" content=\"HAYET - Inem\" \/>\n<meta property=\"og:description\" content=\"Bei Hayet \u2013 arabisch: \u201cLeben\u201d \u2013 handelt es sich um eine soziale Kooperative, welche auf den Erfahrungen aufbaut, die Involvierte im Zusammenhang mit CAS (Notaufnahmestellen, urspr\u00fcnglich als au\u00dfergew\u00f6hnliche Ma\u00dfnahme im Fall eines besonders hohen Zustroms an Zuwander*innen gedacht) in Molise machten. Hayet visiert die F\u00f6rderung von Projekten an, welche sich an Migrant*innen und gesellschaftlich benachteiligte\" \/>\n<meta property=\"og:url\" content=\"https:\/\/inemproject.com\/de\/hayet\/\" \/>\n<meta property=\"og:site_name\" content=\"Inem\" \/>\n<meta property=\"article:published_time\" content=\"2020-03-06T10:35:04+00:00\" \/>\n<meta property=\"article:modified_time\" content=\"2022-08-10T10:18:18+00:00\" \/>\n<meta property=\"og:image\" content=\"https:\/\/inemproject.com\/wp-content\/uploads\/2019\/12\/integrazione-1.jpg\" \/>\n\t<meta property=\"og:image:width\" content=\"1024\" \/>\n\t<meta property=\"og:image:height\" content=\"768\" \/>\n\t<meta property=\"og:image:type\" content=\"image\/jpeg\" \/>\n<meta name=\"author\" content=\"annainem\" \/>\n<meta name=\"twitter:card\" content=\"summary_large_image\" \/>\n<meta name=\"twitter:label1\" content=\"Verfasst von\" \/>\n\t<meta name=\"twitter:data1\" content=\"annainem\" \/>\n\t<meta name=\"twitter:label2\" content=\"Gesch\u00e4tzte Lesezeit\" \/>\n\t<meta name=\"twitter:data2\" content=\"1\u00a0Minute\" \/>\n<script type=\"application\/ld+json\" class=\"yoast-schema-graph\">{\"@context\":\"https:\/\/schema.org\",\"@graph\":[{\"@type\":\"WebPage\",\"@id\":\"https:\/\/inemproject.com\/de\/hayet\/\",\"url\":\"https:\/\/inemproject.com\/de\/hayet\/\",\"name\":\"HAYET - Inem\",\"isPartOf\":{\"@id\":\"https:\/\/inemproject.com\/#website\"},\"primaryImageOfPage\":{\"@id\":\"https:\/\/inemproject.com\/de\/hayet\/#primaryimage\"},\"image\":{\"@id\":\"https:\/\/inemproject.com\/de\/hayet\/#primaryimage\"},\"thumbnailUrl\":\"https:\/\/inemproject.com\/wp-content\/uploads\/2019\/12\/integrazione-1.jpg\",\"datePublished\":\"2020-03-06T10:35:04+00:00\",\"dateModified\":\"2022-08-10T10:18:18+00:00\",\"author\":{\"@id\":\"https:\/\/inemproject.com\/#\/schema\/person\/9eb5b3372055513adccdaf8992fda1a0\"},\"breadcrumb\":{\"@id\":\"https:\/\/inemproject.com\/de\/hayet\/#breadcrumb\"},\"inLanguage\":\"de\",\"potentialAction\":[{\"@type\":\"ReadAction\",\"target\":[\"https:\/\/inemproject.com\/de\/hayet\/\"]}]},{\"@type\":\"ImageObject\",\"inLanguage\":\"de\",\"@id\":\"https:\/\/inemproject.com\/de\/hayet\/#primaryimage\",\"url\":\"https:\/\/inemproject.com\/wp-content\/uploads\/2019\/12\/integrazione-1.jpg\",\"contentUrl\":\"https:\/\/inemproject.com\/wp-content\/uploads\/2019\/12\/integrazione-1.jpg\",\"width\":1024,\"height\":768},{\"@type\":\"BreadcrumbList\",\"@id\":\"https:\/\/inemproject.com\/de\/hayet\/#breadcrumb\",\"itemListElement\":[{\"@type\":\"ListItem\",\"position\":1,\"name\":\"Home\",\"item\":\"https:\/\/inemproject.com\/de\/\"},{\"@type\":\"ListItem\",\"position\":2,\"name\":\"HAYET\"}]},{\"@type\":\"WebSite\",\"@id\":\"https:\/\/inemproject.com\/#website\",\"url\":\"https:\/\/inemproject.com\/\",\"name\":\"Inem\",\"description\":\"International network for migrants\",\"potentialAction\":[{\"@type\":\"SearchAction\",\"target\":{\"@type\":\"EntryPoint\",\"urlTemplate\":\"https:\/\/inemproject.com\/?s={search_term_string}\"},\"query-input\":{\"@type\":\"PropertyValueSpecification\",\"valueRequired\":true,\"valueName\":\"search_term_string\"}}],\"inLanguage\":\"de\"},{\"@type\":\"Person\",\"@id\":\"https:\/\/inemproject.com\/#\/schema\/person\/9eb5b3372055513adccdaf8992fda1a0\",\"name\":\"annainem\",\"image\":{\"@type\":\"ImageObject\",\"inLanguage\":\"de\",\"@id\":\"https:\/\/inemproject.com\/#\/schema\/person\/image\/\",\"url\":\"https:\/\/secure.gravatar.com\/avatar\/2497a4350b0d39a4657eb80649341777?s=96&d=mm&r=g\",\"contentUrl\":\"https:\/\/secure.gravatar.com\/avatar\/2497a4350b0d39a4657eb80649341777?s=96&d=mm&r=g\",\"caption\":\"annainem\"},\"url\":\"https:\/\/inemproject.com\/de\/author\/annainem\/\"}]}<\/script>\n<!-- \/ Yoast SEO plugin. -->","yoast_head_json":{"title":"HAYET - Inem","robots":{"index":"index","follow":"follow","max-snippet":"max-snippet:-1","max-image-preview":"max-image-preview:large","max-video-preview":"max-video-preview:-1"},"canonical":"https:\/\/inemproject.com\/de\/hayet\/","og_locale":"de_DE","og_type":"article","og_title":"HAYET - Inem","og_description":"Bei Hayet \u2013 arabisch: \u201cLeben\u201d \u2013 handelt es sich um eine soziale Kooperative, welche auf den Erfahrungen aufbaut, die Involvierte im Zusammenhang mit CAS (Notaufnahmestellen, urspr\u00fcnglich als au\u00dfergew\u00f6hnliche Ma\u00dfnahme im Fall eines besonders hohen Zustroms an Zuwander*innen gedacht) in Molise machten. Hayet visiert die F\u00f6rderung von Projekten an, welche sich an Migrant*innen und gesellschaftlich benachteiligte","og_url":"https:\/\/inemproject.com\/de\/hayet\/","og_site_name":"Inem","article_published_time":"2020-03-06T10:35:04+00:00","article_modified_time":"2022-08-10T10:18:18+00:00","og_image":[{"width":1024,"height":768,"url":"https:\/\/inemproject.com\/wp-content\/uploads\/2019\/12\/integrazione-1.jpg","type":"image\/jpeg"}],"author":"annainem","twitter_card":"summary_large_image","twitter_misc":{"Verfasst von":"annainem","Gesch\u00e4tzte Lesezeit":"1\u00a0Minute"},"schema":{"@context":"https:\/\/schema.org","@graph":[{"@type":"WebPage","@id":"https:\/\/inemproject.com\/de\/hayet\/","url":"https:\/\/inemproject.com\/de\/hayet\/","name":"HAYET - Inem","isPartOf":{"@id":"https:\/\/inemproject.com\/#website"},"primaryImageOfPage":{"@id":"https:\/\/inemproject.com\/de\/hayet\/#primaryimage"},"image":{"@id":"https:\/\/inemproject.com\/de\/hayet\/#primaryimage"},"thumbnailUrl":"https:\/\/inemproject.com\/wp-content\/uploads\/2019\/12\/integrazione-1.jpg","datePublished":"2020-03-06T10:35:04+00:00","dateModified":"2022-08-10T10:18:18+00:00","author":{"@id":"https:\/\/inemproject.com\/#\/schema\/person\/9eb5b3372055513adccdaf8992fda1a0"},"breadcrumb":{"@id":"https:\/\/inemproject.com\/de\/hayet\/#breadcrumb"},"inLanguage":"de","potentialAction":[{"@type":"ReadAction","target":["https:\/\/inemproject.com\/de\/hayet\/"]}]},{"@type":"ImageObject","inLanguage":"de","@id":"https:\/\/inemproject.com\/de\/hayet\/#primaryimage","url":"https:\/\/inemproject.com\/wp-content\/uploads\/2019\/12\/integrazione-1.jpg","contentUrl":"https:\/\/inemproject.com\/wp-content\/uploads\/2019\/12\/integrazione-1.jpg","width":1024,"height":768},{"@type":"BreadcrumbList","@id":"https:\/\/inemproject.com\/de\/hayet\/#breadcrumb","itemListElement":[{"@type":"ListItem","position":1,"name":"Home","item":"https:\/\/inemproject.com\/de\/"},{"@type":"ListItem","position":2,"name":"HAYET"}]},{"@type":"WebSite","@id":"https:\/\/inemproject.com\/#website","url":"https:\/\/inemproject.com\/","name":"Inem","description":"International network for migrants","potentialAction":[{"@type":"SearchAction","target":{"@type":"EntryPoint","urlTemplate":"https:\/\/inemproject.com\/?s={search_term_string}"},"query-input":{"@type":"PropertyValueSpecification","valueRequired":true,"valueName":"search_term_string"}}],"inLanguage":"de"},{"@type":"Person","@id":"https:\/\/inemproject.com\/#\/schema\/person\/9eb5b3372055513adccdaf8992fda1a0","name":"annainem","image":{"@type":"ImageObject","inLanguage":"de","@id":"https:\/\/inemproject.com\/#\/schema\/person\/image\/","url":"https:\/\/secure.gravatar.com\/avatar\/2497a4350b0d39a4657eb80649341777?s=96&d=mm&r=g","contentUrl":"https:\/\/secure.gravatar.com\/avatar\/2497a4350b0d39a4657eb80649341777?s=96&d=mm&r=g","caption":"annainem"},"url":"https:\/\/inemproject.com\/de\/author\/annainem\/"}]}},"_links":{"self":[{"href":"https:\/\/inemproject.com\/de\/wp-json\/wp\/v2\/posts\/656"}],"collection":[{"href":"https:\/\/inemproject.com\/de\/wp-json\/wp\/v2\/posts"}],"about":[{"href":"https:\/\/inemproject.com\/de\/wp-json\/wp\/v2\/types\/post"}],"author":[{"embeddable":true,"href":"https:\/\/inemproject.com\/de\/wp-json\/wp\/v2\/users\/10"}],"replies":[{"embeddable":true,"href":"https:\/\/inemproject.com\/de\/wp-json\/wp\/v2\/comments?post=656"}],"version-history":[{"count":1,"href":"https:\/\/inemproject.com\/de\/wp-json\/wp\/v2\/posts\/656\/revisions"}],"predecessor-version":[{"id":658,"href":"https:\/\/inemproject.com\/de\/wp-json\/wp\/v2\/posts\/656\/revisions\/658"}],"wp:featuredmedia":[{"embeddable":true,"href":"https:\/\/inemproject.com\/de\/wp-json\/wp\/v2\/media\/657"}],"wp:attachment":[{"href":"https:\/\/inemproject.com\/de\/wp-json\/wp\/v2\/media?parent=656"}],"wp:term":[{"taxonomy":"category","embeddable":true,"href":"https:\/\/inemproject.com\/de\/wp-json\/wp\/v2\/categories?post=656"},{"taxonomy":"post_tag","embeddable":true,"href":"https:\/\/inemproject.com\/de\/wp-json\/wp\/v2\/tags?post=656"}],"curies":[{"name":"wp","href":"https:\/\/api.w.org\/{rel}","templated":true}]}}